{"id":8227,"date":"2025-12-08T10:43:22","date_gmt":"2025-12-08T09:43:22","guid":{"rendered":"http:\/\/frankfurt-flyers.de\/?p=8227"},"modified":"2025-12-08T10:55:23","modified_gmt":"2025-12-08T09:55:23","slug":"bundesliga-pokal","status":"publish","type":"post","link":"http:\/\/frankfurt-flyers.de\/?p=8227","title":{"rendered":"Bundesliga Pokal"},"content":{"rendered":"<p>Am Nikolaus Nachmittag fand in der Anhalt Arena der Stadt Dessau das Trampolin Bundesliga Finale statt, dass die TG Dietzenbach erstmals gewann, Vizemeister wurde der MTV Bad Kreuznach vor der TG M\u00fcnster.<\/p>\n<p>Die Frankfurt FLYERS lagen nach der Vorrunde im Fr\u00fchjahr auf Platz drei, doch nur die beiden st\u00e4rksten Mannschaften d\u00fcrfen an der Endrunde teilnehmen. Bei der Siegerehrung gab es nicht nur Pokale f\u00fcr die Vereine, sondern auch f\u00fcr die Sportler mit den besten Ergebnissen (Foto). Den Einzel-Cup der Gruppe S\u00dcD gewann Luisa Braaf (Frankfurt FLYERS), Mila Welling (TSVE Bielefeld) aus der NORD Gruppe. In der Finalveranstaltung ging der Tagessieg an Matthias Schuldt vom neuen Deutschen Vereinsmeister 2025.<\/p>\n<p>Einmal mehr verantwortlich f\u00fcr das Event in Sachsen-Anhalt war Bundesliga Chef Heinz-Peter Michels. Doch nicht nur er sondern auch Lars Weiland waren ma\u00dfgeblich beteiligt, denn nach der Premiere vor einem Jahr in Kalbach war er erneut als Hallensprecher im Einsatz.<\/p>\n","protected":false},"excerpt":{"rendered":"<p>Am Nikolaus Nachmittag fand in der Anhalt Arena der Stadt [&hellip;]<\/p>\n","protected":false},"author":1,"featured_media":8228,"comment_status":"closed","ping_status":"open","sticky":false,"template":"","format":"standard","meta":{"footnotes":""},"categories":[1],"tags":[],"class_list":["post-8227","post","type-post","status-publish","format-standard","has-post-thumbnail","hentry","category-uncategorized"],"_links":{"self":[{"href":"http:\/\/frankfurt-flyers.de\/index.php?rest_route=\/wp\/v2\/posts\/8227","targetHints":{"allow":["GET"]}}],"collection":[{"href":"http:\/\/frankfurt-flyers.de\/index.php?rest_route=\/wp\/v2\/posts"}],"about":[{"href":"http:\/\/frankfurt-flyers.de\/index.php?rest_route=\/wp\/v2\/types\/post"}],"author":[{"embeddable":true,"href":"http:\/\/frankfurt-flyers.de\/index.php?rest_route=\/wp\/v2\/users\/1"}],"replies":[{"embeddable":true,"href":"http:\/\/frankfurt-flyers.de\/index.php?rest_route=%2Fwp%2Fv2%2Fcomments&post=8227"}],"version-history":[{"count":4,"href":"http:\/\/frankfurt-flyers.de\/index.php?rest_route=\/wp\/v2\/posts\/8227\/revisions"}],"predecessor-version":[{"id":8232,"href":"http:\/\/frankfurt-flyers.de\/index.php?rest_route=\/wp\/v2\/posts\/8227\/revisions\/8232"}],"wp:featuredmedia":[{"embeddable":true,"href":"http:\/\/frankfurt-flyers.de\/index.php?rest_route=\/wp\/v2\/media\/8228"}],"wp:attachment":[{"href":"http:\/\/frankfurt-flyers.de\/index.php?rest_route=%2Fwp%2Fv2%2Fmedia&parent=8227"}],"wp:term":[{"taxonomy":"category","embeddable":true,"href":"http:\/\/frankfurt-flyers.de\/index.php?rest_route=%2Fwp%2Fv2%2Fcategories&post=8227"},{"taxonomy":"post_tag","embeddable":true,"href":"http:\/\/frankfurt-flyers.de\/index.php?rest_route=%2Fwp%2Fv2%2Ftags&post=8227"}],"curies":[{"name":"wp","href":"https:\/\/api.w.org\/{rel}","templated":true}]}}