{"id":7494,"date":"2023-08-13T10:55:28","date_gmt":"2023-08-13T09:55:28","guid":{"rendered":"http:\/\/frankfurt-flyers.de\/?p=7494"},"modified":"2023-08-13T15:26:29","modified_gmt":"2023-08-13T14:26:29","slug":"zweites-halbjahr-2023","status":"publish","type":"post","link":"http:\/\/frankfurt-flyers.de\/?p=7494","title":{"rendered":"Zweites Halbjahr 2023"},"content":{"rendered":"<p>Nach den Sommerferien starten die FLYERS ins zweite Halbjahr 2023, es geht ohne Pause direkt los. Denn am 9. September nehmen sie bereits im M\u00fcnsterland am Internationalen Kiepenkerl-Pokal teil, bevor dann zwei Wochen sp\u00e4ter die Saisoner\u00f6ffnung in der Jugendliga Hessen folgt. Unser Nachwuchs geht einmal mehr als Favorit ins Rennen und muss zun\u00e4chst in Pfungstadt antreten. Zum Monatswechsel die Deutsche Meisterschaft Jugend-Einzel sowie Synchron in Stuttgart. Eine Woche sp\u00e4ter der n\u00e4chste Jugendliga Begegnungstag im Rodgau und das Wochenende Mitte Oktober im Hessenteam der Cup of Friendship in Tschechien. Kurze Herbstferien und Anfang November Jugendliga in Frankfurt-Nied. Zugleich Abschluss-Vorbereitung zu den Jugend-Weltmeisterschaften in Birmingham (GBR), zu denen sich durchaus auch FLYERS Sportler qualifizieren k\u00f6nnen. Zum Monatsende die Endrunde in der Jugendliga Hessen in Breckenheim und mit den Frankfurter Meisterschaften im Dezember endet die diesj\u00e4hrige Saison. Auf dem Foto sehen wir unsere Jugendliga Titelverteidiger. Julius -hinter Trainer Christopher- scheidet altersbedingt aus, doch Sofia, Lara, Diana, Frieda und Greta sowie rechts Linus sind weiterhin dabei. Mit Eunike, Sophie und Kyrylo kommen zudem drei Hoffnungstr\u00e4ger hinzu. Alles Gute und viel Erfolg den FLYERS Sportlern auch in der zweiten Jahresh\u00e4lfte.<\/p>\n","protected":false},"excerpt":{"rendered":"<p>Nach den Sommerferien starten die FLYERS ins zweite Halbjahr 2023, [&hellip;]<\/p>\n","protected":false},"author":1,"featured_media":7495,"comment_status":"closed","ping_status":"open","sticky":false,"template":"","format":"standard","meta":{"footnotes":""},"categories":[1],"tags":[],"class_list":["post-7494","post","type-post","status-publish","format-standard","has-post-thumbnail","hentry","category-uncategorized"],"_links":{"self":[{"href":"http:\/\/frankfurt-flyers.de\/index.php?rest_route=\/wp\/v2\/posts\/7494","targetHints":{"allow":["GET"]}}],"collection":[{"href":"http:\/\/frankfurt-flyers.de\/index.php?rest_route=\/wp\/v2\/posts"}],"about":[{"href":"http:\/\/frankfurt-flyers.de\/index.php?rest_route=\/wp\/v2\/types\/post"}],"author":[{"embeddable":true,"href":"http:\/\/frankfurt-flyers.de\/index.php?rest_route=\/wp\/v2\/users\/1"}],"replies":[{"embeddable":true,"href":"http:\/\/frankfurt-flyers.de\/index.php?rest_route=%2Fwp%2Fv2%2Fcomments&post=7494"}],"version-history":[{"count":7,"href":"http:\/\/frankfurt-flyers.de\/index.php?rest_route=\/wp\/v2\/posts\/7494\/revisions"}],"predecessor-version":[{"id":7502,"href":"http:\/\/frankfurt-flyers.de\/index.php?rest_route=\/wp\/v2\/posts\/7494\/revisions\/7502"}],"wp:featuredmedia":[{"embeddable":true,"href":"http:\/\/frankfurt-flyers.de\/index.php?rest_route=\/wp\/v2\/media\/7495"}],"wp:attachment":[{"href":"http:\/\/frankfurt-flyers.de\/index.php?rest_route=%2Fwp%2Fv2%2Fmedia&parent=7494"}],"wp:term":[{"taxonomy":"category","embeddable":true,"href":"http:\/\/frankfurt-flyers.de\/index.php?rest_route=%2Fwp%2Fv2%2Fcategories&post=7494"},{"taxonomy":"post_tag","embeddable":true,"href":"http:\/\/frankfurt-flyers.de\/index.php?rest_route=%2Fwp%2Fv2%2Ftags&post=7494"}],"curies":[{"name":"wp","href":"https:\/\/api.w.org\/{rel}","templated":true}]}}