{"id":7453,"date":"2023-06-23T15:32:46","date_gmt":"2023-06-23T14:32:46","guid":{"rendered":"http:\/\/frankfurt-flyers.de\/?p=7453"},"modified":"2023-06-23T15:38:05","modified_gmt":"2023-06-23T14:38:05","slug":"20-jahre-flyers","status":"publish","type":"post","link":"http:\/\/frankfurt-flyers.de\/?p=7453","title":{"rendered":"20 Jahre FLYERS"},"content":{"rendered":"<p>Am 25. Juni 2003 gr\u00fcndeten im DTB Grillpavillon zw\u00f6lf Personen den Trampolin Verein Frankfurt FLYERS. Heuer wird dieser 20. Geburtstag geb\u00fchrend gefeiert. Das Pr\u00e4sidium hat dazu alle derzeitigen und ehemaligen Mitglieder samt Eltern und Freunde eingeladen. Treffpunkt ist der R\u00f6delheimer Biegwald, wo die Aktivit\u00e4ten auf der Sportanlage der TGS Vorw\u00e4rts geplant sind. Aus dem damaligen Trampolin Talent Projekt entwickelten sich die FLYERS inzwischen zur Frankfurter Leistungssport Gemeinschaft. Innerhalb k\u00fcrzester Zeit stiegen sie in Hessen zur Nr. 1 auf und nehmen seither auch national eine f\u00fchrende Rolle ein. Sie haben in den 20 Jahren nicht nur \u00fcber 200 Medaillen bei den &#8222;Deutschen&#8220; gewonnen, sondern kehrten auch von Welt- und Europameisterschaften mehrfach mit Edelmetall heim. Allein sieben Mal gewannen sie die Deutsche Bundesliga Meisterschaft. Pr\u00e4sident Heinz-Peter Michels bekleidet das Amt seit der Geburtsstunde, seine Vizepr\u00e4sidenten sind derzeit vier ehemalige, sehr erfolgreiche Athleten. C\u00fcneyt Emir \/ Finanzen, Laszlo Pobloth \/ Sport, Christopher Sch\u00fcpferling \/ Jugend und Christian P\u00f6llath \/ Projekte.<\/p>\n","protected":false},"excerpt":{"rendered":"<p>Am 25. Juni 2003 gr\u00fcndeten im DTB Grillpavillon zw\u00f6lf Personen [&hellip;]<\/p>\n","protected":false},"author":1,"featured_media":7454,"comment_status":"closed","ping_status":"open","sticky":false,"template":"","format":"standard","meta":{"footnotes":""},"categories":[1],"tags":[],"class_list":["post-7453","post","type-post","status-publish","format-standard","has-post-thumbnail","hentry","category-uncategorized"],"_links":{"self":[{"href":"http:\/\/frankfurt-flyers.de\/index.php?rest_route=\/wp\/v2\/posts\/7453","targetHints":{"allow":["GET"]}}],"collection":[{"href":"http:\/\/frankfurt-flyers.de\/index.php?rest_route=\/wp\/v2\/posts"}],"about":[{"href":"http:\/\/frankfurt-flyers.de\/index.php?rest_route=\/wp\/v2\/types\/post"}],"author":[{"embeddable":true,"href":"http:\/\/frankfurt-flyers.de\/index.php?rest_route=\/wp\/v2\/users\/1"}],"replies":[{"embeddable":true,"href":"http:\/\/frankfurt-flyers.de\/index.php?rest_route=%2Fwp%2Fv2%2Fcomments&post=7453"}],"version-history":[{"count":1,"href":"http:\/\/frankfurt-flyers.de\/index.php?rest_route=\/wp\/v2\/posts\/7453\/revisions"}],"predecessor-version":[{"id":7455,"href":"http:\/\/frankfurt-flyers.de\/index.php?rest_route=\/wp\/v2\/posts\/7453\/revisions\/7455"}],"wp:featuredmedia":[{"embeddable":true,"href":"http:\/\/frankfurt-flyers.de\/index.php?rest_route=\/wp\/v2\/media\/7454"}],"wp:attachment":[{"href":"http:\/\/frankfurt-flyers.de\/index.php?rest_route=%2Fwp%2Fv2%2Fmedia&parent=7453"}],"wp:term":[{"taxonomy":"category","embeddable":true,"href":"http:\/\/frankfurt-flyers.de\/index.php?rest_route=%2Fwp%2Fv2%2Fcategories&post=7453"},{"taxonomy":"post_tag","embeddable":true,"href":"http:\/\/frankfurt-flyers.de\/index.php?rest_route=%2Fwp%2Fv2%2Ftags&post=7453"}],"curies":[{"name":"wp","href":"https:\/\/api.w.org\/{rel}","templated":true}]}}